{"id":3571,"date":"2024-08-23T21:09:55","date_gmt":"2024-08-23T19:09:55","guid":{"rendered":"https:\/\/focus-gruppe.de\/aktuelles\/building-services\/focus-group-celebrates-inauguration-of-strassenkindergarten-e-v-in-leipzig\/"},"modified":"2024-09-30T13:15:48","modified_gmt":"2024-09-30T11:15:48","slug":"focus-group-celebrates-inauguration-of-strassenkindergarten-e-v-in-leipzig","status":"publish","type":"post","link":"https:\/\/focus-gruppe.de\/en\/aktuelles\/management\/focus-group-celebrates-inauguration-of-strassenkindergarten-e-v-in-leipzig\/","title":{"rendered":"FOCUS Group celebrates inauguration of Stra\u00dfenkindergarten e.V. in Leipzig"},"content":{"rendered":"\n<p><\/p>\n\n<p>After a long construction phase and intensive coordination, the time had finally come: the Stra\u00dfenkindergarten e.V. was able to move into its new premises at L\u00fctzner Stra\u00dfe 154 in Leipzig.\nThe FOCUS Group was invited to the inauguration ceremony and was delighted to celebrate this special moment together with the team and the children. <\/p>\n\n<p>&#8220;It was a great joint effort that paid off. The happy faces of the children confirm the success of this project,&#8221; said the FOCUS Group.\nMany thanks also go to the Youth Welfare Office of the City of Leipzig, which actively supported the project.   <\/p>\n\n<p>Thanks to the self-catering kitchen and spacious outdoor area with a &#8220;garden for little explorers&#8221;, children can experience where their food grows and how it ends up on their plates on a daily basis.\nThe FOCUS Group warmly welcomes its new tenant and presents a cheque for \u20ac1,000 as a housewarming gift at the opening ceremony <\/p>\n\n<p><\/p>\n\n<p><\/p>\n","protected":false},"excerpt":{"rendered":"<p>After a long construction phase and intensive coordination, the time had finally come: the Stra\u00dfenkindergarten e.V. was able to move into its new premises at L\u00fctzner Stra\u00dfe 154 in Leipzig. The FOCUS Group was invited to the inauguration ceremony and was delighted to celebrate this special moment together with the team and the children. &#8220;It&#8230;<\/p>\n","protected":false},"author":4,"featured_media":3214,"comment_status":"closed","ping_status":"closed","sticky":false,"template":"","format":"standard","meta":{"_acf_changed":false,"_kb_optimizer_status":0,"_kad_blocks_custom_css":"","_kad_blocks_head_custom_js":"","_kad_blocks_body_custom_js":"","_kad_blocks_footer_custom_js":"","_kad_post_transparent":"","_kad_post_title":"","_kad_post_layout":"","_kad_post_sidebar_id":"","_kad_post_content_style":"","_kad_post_vertical_padding":"","_kad_post_feature":"","_kad_post_feature_position":"","_kad_post_header":false,"_kad_post_footer":false,"_kad_post_classname":"","footnotes":""},"categories":[39,38,35],"tags":[],"class_list":["post-3571","post","type-post","status-publish","format-standard","has-post-thumbnail","hentry","category-event-en","category-makler-en","category-management"],"acf":[],"mf_featured_image":{"src":"https:\/\/focus-gruppe.de\/wp-content\/uploads\/2024\/09\/2024-08-23-11.14.39-scaled-e1727377786575.jpg","width":2560,"height":1920,"crop":false,"alt":""},"mf_cats":"39,38,35","mf_prime_cat":"","taxonomy_info":{"category":[{"value":39,"label":"Event"},{"value":38,"label":"Makler"},{"value":35,"label":"Management"}]},"featured_image_src_large":["https:\/\/focus-gruppe.de\/wp-content\/uploads\/2024\/09\/2024-08-23-11.14.39-1024x768.jpg",1024,768,true],"author_info":{"display_name":"m.baerschneider","author_link":"https:\/\/focus-gruppe.de\/en\/author\/m-baerschneider\/"},"comment_info":0,"category_info":[{"term_id":39,"name":"Event","slug":"event-en","term_group":0,"term_taxonomy_id":39,"taxonomy":"category","description":"","parent":0,"count":13,"filter":"raw","term_order":"0","cat_ID":39,"category_count":13,"category_description":"","cat_name":"Event","category_nicename":"event-en","category_parent":0},{"term_id":38,"name":"Makler","slug":"makler-en","term_group":0,"term_taxonomy_id":38,"taxonomy":"category","description":"","parent":0,"count":61,"filter":"raw","term_order":"0","cat_ID":38,"category_count":61,"category_description":"","cat_name":"Makler","category_nicename":"makler-en","category_parent":0},{"term_id":35,"name":"Management","slug":"management","term_group":0,"term_taxonomy_id":35,"taxonomy":"category","description":"","parent":0,"count":60,"filter":"raw","term_order":"6","cat_ID":35,"category_count":60,"category_description":"","cat_name":"Management","category_nicename":"management","category_parent":0}],"tag_info":false,"_links":{"self":[{"href":"https:\/\/focus-gruppe.de\/en\/wp-json\/wp\/v2\/posts\/3571","targetHints":{"allow":["GET"]}}],"collection":[{"href":"https:\/\/focus-gruppe.de\/en\/wp-json\/wp\/v2\/posts"}],"about":[{"href":"https:\/\/focus-gruppe.de\/en\/wp-json\/wp\/v2\/types\/post"}],"author":[{"embeddable":true,"href":"https:\/\/focus-gruppe.de\/en\/wp-json\/wp\/v2\/users\/4"}],"replies":[{"embeddable":true,"href":"https:\/\/focus-gruppe.de\/en\/wp-json\/wp\/v2\/comments?post=3571"}],"version-history":[{"count":0,"href":"https:\/\/focus-gruppe.de\/en\/wp-json\/wp\/v2\/posts\/3571\/revisions"}],"wp:featuredmedia":[{"embeddable":true,"href":"https:\/\/focus-gruppe.de\/en\/wp-json\/wp\/v2\/media\/3214"}],"wp:attachment":[{"href":"https:\/\/focus-gruppe.de\/en\/wp-json\/wp\/v2\/media?parent=3571"}],"wp:term":[{"taxonomy":"category","embeddable":true,"href":"https:\/\/focus-gruppe.de\/en\/wp-json\/wp\/v2\/categories?post=3571"},{"taxonomy":"post_tag","embeddable":true,"href":"https:\/\/focus-gruppe.de\/en\/wp-json\/wp\/v2\/tags?post=3571"}],"curies":[{"name":"wp","href":"https:\/\/api.w.org\/{rel}","templated":true}]}}